{"id":8636,"date":"2018-07-26T15:37:23","date_gmt":"2018-07-26T13:37:23","guid":{"rendered":"https:\/\/cdincbarcelona.com\/?p=8636"},"modified":"2019-02-08T15:48:38","modified_gmt":"2019-02-08T14:48:38","slug":"depresion-o-demencia","status":"publish","type":"post","link":"https:\/\/cdincbarcelona.com\/es\/depresion-o-demencia\/","title":{"rendered":"\u00bfDepresi\u00f3n o demencia?"},"content":{"rendered":"<p><strong><em>Depresi\u00f3n y memoria <\/em><\/strong><\/p>\n<p style=\"text-align: justify;\">La depresi\u00f3n es un trastorno del estado de \u00e1nimo que no solo despliega su sintomatolog\u00eda en relaci\u00f3n a un bajo estado an\u00edmico y una negatividad evidente, tambi\u00e9n se caracterizan por los s\u00edntomas f\u00edsicos y conductuales que cursan con el trastorno. Adem\u00e1s, es frecuente que las personas que la padecen se quejen tambi\u00e9n de <strong>dificultades en la concentraci\u00f3n y p\u00e9rdida de memoria<\/strong>, por lo que hay es importante tener en cuenta tambi\u00e9n su afectaci\u00f3n a nivel cognitivo.<\/p>\n<p style=\"text-align: justify;\">Las <strong>quejas cognitivas<\/strong> m\u00e1s comunes en pacientes depresivos son las siguientes:<\/p>\n<ul>\n<li>Dificultades para mantener la concentraci\u00f3n o imposibilidad de concentrarse.<\/li>\n<li>Distracciones frecuentes.<\/li>\n<li>Dificultades en la comprensi\u00f3n lectora, y como consecuencia, p\u00e9rdida del disfrute por la lectura.<\/li>\n<li>Problemas en la conducci\u00f3n debido a la dificultad en mantener la atenci\u00f3n y la facilidad de distracci\u00f3n.<\/li>\n<li>Despistes y\/u olvidos frecuentes.<\/li>\n<li>Sensaci\u00f3n de haber disminuido su rendimiento laboral.<\/li>\n<\/ul>\n<p style=\"text-align: justify;\">Se sabe que la depresi\u00f3n afecta a nuestra memoria epis\u00f3dica, aquella que nos permite almacenar los sucesos que vivimos. De todas las explicaciones que se han dado a partir de la investigaci\u00f3n en este \u00e1mbito, es <strong>el estr\u00e9s<\/strong> una de las respuestas m\u00e1s comunes. Cuando sufrimos estr\u00e9s la activaci\u00f3n de nuestro organismo se extrapola en frecuencia e intensidad exponiendo a nuestro sistema a mantener una activaci\u00f3n excesiva que puede resultar perjudicial. El objetivo de nuestro organismo es mantenernos preparados para actuar frente aquellos est\u00edmulos que consideramos amenazantes, por ello, en situaciones estresantes nuestro sistema est\u00e1 en alerta. \u00a0En el caso de los trastornos depresivos, debido a la preocupaci\u00f3n continua, los pensamientos negativos, la inconformidad y la tristeza junto con la falta de iniciativa a la hora de solventar los problemas puede llevar al paciente a un estado de estr\u00e9s e intranquilidad constante que explique el d\u00e9ficit de atenci\u00f3n y en consecuencia las quejas de memoria de este tipo de pacientes. Si bien, cuando estamos alerta la capacidad de atenci\u00f3n se focaliza en aquellos est\u00edmulos que consideramos una amenazada, por ello, un nivel de alerta excesivo podr\u00e1 causar problemas en la atenci\u00f3n y como consecuencia, en la concentraci\u00f3n y la memoria.<\/p>\n<p style=\"text-align: justify;\">Otra de las teor\u00edas que explican la relaci\u00f3n de la depresi\u00f3n con las quejas mn\u00e9sicas de los pacientes que la sufren se centra en la premisa de que <strong>\u201clos sujetos sanos tienden, por lo general, a recordar mejor la informaci\u00f3n positiva que aquella de car\u00e1cter negativo y\/o neutra\u201d<\/strong>. La informaci\u00f3n de car\u00e1cter positivo se reduce en los pacientes con depresi\u00f3n, pues tienen una marcada tendencia a centrarse en los peores recuerdos y a procesar m\u00e1s la informaci\u00f3n de car\u00e1cter negativo.<\/p>\n<p style=\"text-align: justify;\">Por otro lado, si tenemos en cuenta las particularidades fisiol\u00f3gicas de este tipo de trastornos, se ha demostrado que la actividad del l\u00f3bulo frontal en estos de pacientes es inferior. Esta regi\u00f3n est\u00e1 relacionada con <strong>el comportamiento voluntario, el razonamiento, la planificaci\u00f3n y la atenci\u00f3n,<\/strong> esto explicar\u00eda un rendimiento inferior en estas capacidades. Tambi\u00e9n se observa una menor activaci\u00f3n en \u00e1reas de la corteza parietal y temporal superior, entre otras cosas, relacionadas con la <strong>capacidad de dirigir la atenci\u00f3n hacia el exterior,<\/strong> por ello las personas depresivas tienden a centrar su atenci\u00f3n hacia ellos mismos. \u00a0A nivel subcortical, hay estudios que explican las dificultades mn\u00e8sicas debido a un funcionamiento irregular en el<strong> sistema l\u00edmbico.<\/strong> Pues se han observado disfunciones en el hipot\u00e1lamo, principal responsable de la generaci\u00f3n de recuerdos, y en la am\u00edgdala, estructura relacionada con el procesamiento de la informaci\u00f3n emocional.<\/p>\n<p style=\"text-align: justify;\">En resumen, las personas con trastornos depresivos tienden a tener problemas de atenci\u00f3n que podr\u00edan explicarse por una disminuci\u00f3n del rendimiento general de esta capacidad debido a la focalizaci\u00f3n de la misma en ellos, en sus pensamientos y sus preocupaciones. Esta falta de atenci\u00f3n a su entorno, podr\u00eda explicar las quejas de memoria que manifiestan, pues la atenci\u00f3n es clave en el proceso de retenci\u00f3n. \u00a0As\u00ed mismo, el funcionamiento irregular tanto a nivel cortical como subcortial relacionado con la depresi\u00f3n, tambi\u00e9n explicar\u00eda un rendimiento mn\u00e9sico inferior en personas con depresi\u00f3n.<\/p>\n<p>&nbsp;<\/p>\n<p><strong><em>Depresi\u00f3n o demencia<\/em><\/strong><\/p>\n<p style=\"text-align: justify;\">Como sabemos, la p\u00e9rdida de memoria no solo se asocia con un trastorno depresivo o de ansiedad. De hecho, <strong>los problemas de memoria est\u00e1n m\u00e1s relacionados con otro tipo de patolog\u00edas como las demencias<\/strong>, un ejemplo es la enfermedad de Alzheimer.<\/p>\n<p style=\"text-align: justify;\">En pacientes con depresiones importantes con una gran inhibici\u00f3n de la actividad, abandono de rutinas, disminuci\u00f3n de la comunicaci\u00f3n, el habla y una importante p\u00e9rdida de inter\u00e9s, en ocasiones, se puede observar tambi\u00e9n desorientaci\u00f3n espacio-temporal y m\u00e1s com\u00fanmente p\u00e9rdida de atenci\u00f3n. Este cuadro sintom\u00e1tico en pacientes j\u00f3venes puede ser f\u00e1cil de diagnosticar, pero cuando \u00e9ste aparece en pacientes de edad superior a los sesenta a\u00f1os la sintomatolog\u00eda descrita se puede confundir con un cuadro de demencia y, en consecuencia, hacer un mal diagn\u00f3stico.<\/p>\n<p style=\"text-align: justify;\">Es importante no descartar la posibilidad de que los s\u00edntomas de ambos trastornos se solapen y <strong>coexistan por separado<\/strong>. De no ser as\u00ed, los siguientes factores nos pueden ayudar a diferenciarlos:<\/p>\n<ul>\n<li>En pacientes con depresi\u00f3n el inicio de los s\u00edntomas cognitivos suele ser r\u00e1pido e identificable de forma aproximada. En cambio, el origen de \u00e9stos s\u00edntomas en demencia es m\u00e1s gradual e impreciso, dif\u00edcil de identificar.<\/li>\n<li>En caso de depresi\u00f3n la familia del afectado suele ser consciente de la existencia del trastorno. En cambio, en casos de demencia se desconoce durante mucho tiempo hasta que empiezan a haber s\u00edntomas muy evidentes.<\/li>\n<li>La desorientaci\u00f3n espacial no es com\u00fan en casos de depresi\u00f3n, pero si es frecuente en las demencias.<\/li>\n<li>Frente a las quejas de mal rendimiento cognitivo las personas con depresi\u00f3n tienden a culpabilizarse \u201cno lo s\u00e9 hacer\u201d, \u201cno me sale bien\u201d magnificando el problema y buscando ayuda. En cambio, en caso de demencia el problema est\u00e1 en los dem\u00e1s \u201cme quita las cosas\u201d, \u201cno me lo dijiste\u201d o incluso, tratan de ocultarlo. Se puede observar en las pruebas neuropsicol\u00f3gicas como las personas con depresi\u00f3n frecuentemente contestan un \u201cno lo s\u00e9\u201d mientras que las personas con alg\u00fan tipo de demencia se inventan algunas respuestas.<\/li>\n<li>En los trastornos depresivos se manifiesta un sufrimiento intenso y suele acompa\u00f1arse de una autoestima baja. En el caso de demencia parece no preocuparles y la autoestima est\u00e1 conservada.<\/li>\n<li>En pacientes con demencia el deterioro cognitivo es m\u00e1s evidente y afecta diferentes capacidades, en depresi\u00f3n no suele ser muy grave.<\/li>\n<li>El estado de \u00e1nimo en las personas con trastorno depresivo es bajo de forma estable y suelen tener antecedentes de sintomatolog\u00eda depresiva. En casos de demencia el estado de \u00e1nimo suele fluctuar.<\/li>\n<\/ul>\n<p style=\"text-align: justify;\">En aquellos trastornos que pueden cursar con deterioro cognitivo es <strong>importante para un buen pron\u00f3stico la detecci\u00f3n temprana del mismo.<\/strong> Por ello, es recomendable ante los primeros s\u00edntomas acudir a un buen profesional que haga una <strong>evaluaci\u00f3n tanto psicol\u00f3gica como neuropsicol\u00f3gica<\/strong> para evitar diagn\u00f3sticos err\u00f3neos y tratamientos ineficaces.<\/p>\n<p>&nbsp;<\/p>\n","protected":false},"excerpt":{"rendered":"<p>Depresi\u00f3n y memoria La depresi\u00f3n es un trastorno del estado de \u00e1nimo que no solo despliega su sintomatolog\u00eda en relaci\u00f3n a un bajo estado an\u00edmico&#8230;<\/p>\n","protected":false},"author":4,"featured_media":8637,"comment_status":"closed","ping_status":"closed","sticky":false,"template":"","format":"standard","meta":{"footnotes":""},"categories":[95],"tags":[84,97,78,76,74,82],"class_list":{"0":"post-8636","1":"post","2":"type-post","3":"status-publish","4":"format-standard","5":"has-post-thumbnail","7":"category-memoria","8":"tag-alzheimer","9":"tag-atencion","10":"tag-demencia","11":"tag-depresion","12":"tag-neuropsicologia","13":"tag-psicologia"},"yoast_head":"<!-- This site is optimized with the Yoast SEO plugin v27.5 - https:\/\/yoast.com\/product\/yoast-seo-wordpress\/ -->\n<title>\u00bfDepresi\u00f3n o demencia? - CDINC<\/title>\n<meta name=\"robots\" content=\"index, follow, max-snippet:-1, max-image-preview:large, max-video-preview:-1\" \/>\n<link rel=\"canonical\" href=\"https:\/\/cdincbarcelona.com\/es\/depresion-o-demencia\/\" \/>\n<meta property=\"og:locale\" content=\"es_ES\" \/>\n<meta property=\"og:type\" content=\"article\" \/>\n<meta property=\"og:title\" content=\"\u00bfDepresi\u00f3n o demencia? - CDINC\" \/>\n<meta property=\"og:description\" content=\"Depresi\u00f3n y memoria La depresi\u00f3n es un trastorno del estado de \u00e1nimo que no solo despliega su sintomatolog\u00eda en relaci\u00f3n a un bajo estado an\u00edmico...\" \/>\n<meta property=\"og:url\" content=\"https:\/\/cdincbarcelona.com\/es\/depresion-o-demencia\/\" \/>\n<meta property=\"og:site_name\" content=\"CDINC\" \/>\n<meta property=\"article:published_time\" content=\"2018-07-26T13:37:23+00:00\" \/>\n<meta property=\"article:modified_time\" content=\"2019-02-08T14:48:38+00:00\" \/>\n<meta property=\"og:image\" content=\"https:\/\/cdincbarcelona.com\/wp-content\/uploads\/2019\/02\/depre.png\" \/>\n\t<meta property=\"og:image:width\" content=\"727\" \/>\n\t<meta property=\"og:image:height\" content=\"525\" \/>\n\t<meta property=\"og:image:type\" content=\"image\/png\" \/>\n<meta name=\"author\" content=\"CDINC\" \/>\n<meta name=\"twitter:card\" content=\"summary_large_image\" \/>\n<meta name=\"twitter:label1\" content=\"Escrito por\" \/>\n\t<meta name=\"twitter:data1\" content=\"CDINC\" \/>\n\t<meta name=\"twitter:label2\" content=\"Tiempo de lectura\" \/>\n\t<meta name=\"twitter:data2\" content=\"6 minutos\" \/>\n<script type=\"application\/ld+json\" class=\"yoast-schema-graph\">{\"@context\":\"https:\\\/\\\/schema.org\",\"@graph\":[{\"@type\":\"Article\",\"@id\":\"https:\\\/\\\/cdincbarcelona.com\\\/es\\\/depresion-o-demencia\\\/#article\",\"isPartOf\":{\"@id\":\"https:\\\/\\\/cdincbarcelona.com\\\/es\\\/depresion-o-demencia\\\/\"},\"author\":{\"name\":\"CDINC\",\"@id\":\"https:\\\/\\\/cdincbarcelona.com\\\/#\\\/schema\\\/person\\\/dbd69a685a95b76830d2efbda33ba4c4\"},\"headline\":\"\u00bfDepresi\u00f3n o demencia?\",\"datePublished\":\"2018-07-26T13:37:23+00:00\",\"dateModified\":\"2019-02-08T14:48:38+00:00\",\"mainEntityOfPage\":{\"@id\":\"https:\\\/\\\/cdincbarcelona.com\\\/es\\\/depresion-o-demencia\\\/\"},\"wordCount\":1254,\"publisher\":{\"@id\":\"https:\\\/\\\/cdincbarcelona.com\\\/#organization\"},\"image\":{\"@id\":\"https:\\\/\\\/cdincbarcelona.com\\\/es\\\/depresion-o-demencia\\\/#primaryimage\"},\"thumbnailUrl\":\"https:\\\/\\\/cdincbarcelona.com\\\/wp-content\\\/uploads\\\/2019\\\/02\\\/depre.png\",\"keywords\":[\"alzheimer\",\"atenci\u00f3n\",\"demencia\",\"depresi\u00f3n\",\"Neuropsicolog\u00eda\",\"Psicolog\u00eda\"],\"articleSection\":[\"Memoria\"],\"inLanguage\":\"es\"},{\"@type\":\"WebPage\",\"@id\":\"https:\\\/\\\/cdincbarcelona.com\\\/es\\\/depresion-o-demencia\\\/\",\"url\":\"https:\\\/\\\/cdincbarcelona.com\\\/es\\\/depresion-o-demencia\\\/\",\"name\":\"\u00bfDepresi\u00f3n o demencia? - CDINC\",\"isPartOf\":{\"@id\":\"https:\\\/\\\/cdincbarcelona.com\\\/#website\"},\"primaryImageOfPage\":{\"@id\":\"https:\\\/\\\/cdincbarcelona.com\\\/es\\\/depresion-o-demencia\\\/#primaryimage\"},\"image\":{\"@id\":\"https:\\\/\\\/cdincbarcelona.com\\\/es\\\/depresion-o-demencia\\\/#primaryimage\"},\"thumbnailUrl\":\"https:\\\/\\\/cdincbarcelona.com\\\/wp-content\\\/uploads\\\/2019\\\/02\\\/depre.png\",\"datePublished\":\"2018-07-26T13:37:23+00:00\",\"dateModified\":\"2019-02-08T14:48:38+00:00\",\"breadcrumb\":{\"@id\":\"https:\\\/\\\/cdincbarcelona.com\\\/es\\\/depresion-o-demencia\\\/#breadcrumb\"},\"inLanguage\":\"es\",\"potentialAction\":[{\"@type\":\"ReadAction\",\"target\":[\"https:\\\/\\\/cdincbarcelona.com\\\/es\\\/depresion-o-demencia\\\/\"]}]},{\"@type\":\"ImageObject\",\"inLanguage\":\"es\",\"@id\":\"https:\\\/\\\/cdincbarcelona.com\\\/es\\\/depresion-o-demencia\\\/#primaryimage\",\"url\":\"https:\\\/\\\/cdincbarcelona.com\\\/wp-content\\\/uploads\\\/2019\\\/02\\\/depre.png\",\"contentUrl\":\"https:\\\/\\\/cdincbarcelona.com\\\/wp-content\\\/uploads\\\/2019\\\/02\\\/depre.png\",\"width\":727,\"height\":525},{\"@type\":\"BreadcrumbList\",\"@id\":\"https:\\\/\\\/cdincbarcelona.com\\\/es\\\/depresion-o-demencia\\\/#breadcrumb\",\"itemListElement\":[{\"@type\":\"ListItem\",\"position\":1,\"name\":\"Portada\",\"item\":\"https:\\\/\\\/cdincbarcelona.com\\\/es\\\/\"},{\"@type\":\"ListItem\",\"position\":2,\"name\":\"\u00bfDepresi\u00f3n o demencia?\"}]},{\"@type\":\"WebSite\",\"@id\":\"https:\\\/\\\/cdincbarcelona.com\\\/#website\",\"url\":\"https:\\\/\\\/cdincbarcelona.com\\\/\",\"name\":\"CDINC\",\"description\":\"Centre de diagn\u00f2stic i intervenci\u00f3 neurocognitiva Barcelona\",\"publisher\":{\"@id\":\"https:\\\/\\\/cdincbarcelona.com\\\/#organization\"},\"potentialAction\":[{\"@type\":\"SearchAction\",\"target\":{\"@type\":\"EntryPoint\",\"urlTemplate\":\"https:\\\/\\\/cdincbarcelona.com\\\/?s={search_term_string}\"},\"query-input\":{\"@type\":\"PropertyValueSpecification\",\"valueRequired\":true,\"valueName\":\"search_term_string\"}}],\"inLanguage\":\"es\"},{\"@type\":\"Organization\",\"@id\":\"https:\\\/\\\/cdincbarcelona.com\\\/#organization\",\"name\":\"CDINC Centre de Diagn\u00f2stic i Intervenci\u00f3 Neurocognitiva\",\"url\":\"https:\\\/\\\/cdincbarcelona.com\\\/\",\"logo\":{\"@type\":\"ImageObject\",\"inLanguage\":\"es\",\"@id\":\"https:\\\/\\\/cdincbarcelona.com\\\/#\\\/schema\\\/logo\\\/image\\\/\",\"url\":\"https:\\\/\\\/cdincbarcelona.com\\\/wp-content\\\/uploads\\\/2017\\\/10\\\/cdinc-logo@2x.png\",\"contentUrl\":\"https:\\\/\\\/cdincbarcelona.com\\\/wp-content\\\/uploads\\\/2017\\\/10\\\/cdinc-logo@2x.png\",\"width\":825,\"height\":200,\"caption\":\"CDINC Centre de Diagn\u00f2stic i Intervenci\u00f3 Neurocognitiva\"},\"image\":{\"@id\":\"https:\\\/\\\/cdincbarcelona.com\\\/#\\\/schema\\\/logo\\\/image\\\/\"}},{\"@type\":\"Person\",\"@id\":\"https:\\\/\\\/cdincbarcelona.com\\\/#\\\/schema\\\/person\\\/dbd69a685a95b76830d2efbda33ba4c4\",\"name\":\"CDINC\"}]}<\/script>\n<!-- \/ Yoast SEO plugin. -->","yoast_head_json":{"title":"\u00bfDepresi\u00f3n o demencia? - CDINC","robots":{"index":"index","follow":"follow","max-snippet":"max-snippet:-1","max-image-preview":"max-image-preview:large","max-video-preview":"max-video-preview:-1"},"canonical":"https:\/\/cdincbarcelona.com\/es\/depresion-o-demencia\/","og_locale":"es_ES","og_type":"article","og_title":"\u00bfDepresi\u00f3n o demencia? - CDINC","og_description":"Depresi\u00f3n y memoria La depresi\u00f3n es un trastorno del estado de \u00e1nimo que no solo despliega su sintomatolog\u00eda en relaci\u00f3n a un bajo estado an\u00edmico...","og_url":"https:\/\/cdincbarcelona.com\/es\/depresion-o-demencia\/","og_site_name":"CDINC","article_published_time":"2018-07-26T13:37:23+00:00","article_modified_time":"2019-02-08T14:48:38+00:00","og_image":[{"width":727,"height":525,"url":"https:\/\/cdincbarcelona.com\/wp-content\/uploads\/2019\/02\/depre.png","type":"image\/png"}],"author":"CDINC","twitter_card":"summary_large_image","twitter_misc":{"Escrito por":"CDINC","Tiempo de lectura":"6 minutos"},"schema":{"@context":"https:\/\/schema.org","@graph":[{"@type":"Article","@id":"https:\/\/cdincbarcelona.com\/es\/depresion-o-demencia\/#article","isPartOf":{"@id":"https:\/\/cdincbarcelona.com\/es\/depresion-o-demencia\/"},"author":{"name":"CDINC","@id":"https:\/\/cdincbarcelona.com\/#\/schema\/person\/dbd69a685a95b76830d2efbda33ba4c4"},"headline":"\u00bfDepresi\u00f3n o demencia?","datePublished":"2018-07-26T13:37:23+00:00","dateModified":"2019-02-08T14:48:38+00:00","mainEntityOfPage":{"@id":"https:\/\/cdincbarcelona.com\/es\/depresion-o-demencia\/"},"wordCount":1254,"publisher":{"@id":"https:\/\/cdincbarcelona.com\/#organization"},"image":{"@id":"https:\/\/cdincbarcelona.com\/es\/depresion-o-demencia\/#primaryimage"},"thumbnailUrl":"https:\/\/cdincbarcelona.com\/wp-content\/uploads\/2019\/02\/depre.png","keywords":["alzheimer","atenci\u00f3n","demencia","depresi\u00f3n","Neuropsicolog\u00eda","Psicolog\u00eda"],"articleSection":["Memoria"],"inLanguage":"es"},{"@type":"WebPage","@id":"https:\/\/cdincbarcelona.com\/es\/depresion-o-demencia\/","url":"https:\/\/cdincbarcelona.com\/es\/depresion-o-demencia\/","name":"\u00bfDepresi\u00f3n o demencia? - CDINC","isPartOf":{"@id":"https:\/\/cdincbarcelona.com\/#website"},"primaryImageOfPage":{"@id":"https:\/\/cdincbarcelona.com\/es\/depresion-o-demencia\/#primaryimage"},"image":{"@id":"https:\/\/cdincbarcelona.com\/es\/depresion-o-demencia\/#primaryimage"},"thumbnailUrl":"https:\/\/cdincbarcelona.com\/wp-content\/uploads\/2019\/02\/depre.png","datePublished":"2018-07-26T13:37:23+00:00","dateModified":"2019-02-08T14:48:38+00:00","breadcrumb":{"@id":"https:\/\/cdincbarcelona.com\/es\/depresion-o-demencia\/#breadcrumb"},"inLanguage":"es","potentialAction":[{"@type":"ReadAction","target":["https:\/\/cdincbarcelona.com\/es\/depresion-o-demencia\/"]}]},{"@type":"ImageObject","inLanguage":"es","@id":"https:\/\/cdincbarcelona.com\/es\/depresion-o-demencia\/#primaryimage","url":"https:\/\/cdincbarcelona.com\/wp-content\/uploads\/2019\/02\/depre.png","contentUrl":"https:\/\/cdincbarcelona.com\/wp-content\/uploads\/2019\/02\/depre.png","width":727,"height":525},{"@type":"BreadcrumbList","@id":"https:\/\/cdincbarcelona.com\/es\/depresion-o-demencia\/#breadcrumb","itemListElement":[{"@type":"ListItem","position":1,"name":"Portada","item":"https:\/\/cdincbarcelona.com\/es\/"},{"@type":"ListItem","position":2,"name":"\u00bfDepresi\u00f3n o demencia?"}]},{"@type":"WebSite","@id":"https:\/\/cdincbarcelona.com\/#website","url":"https:\/\/cdincbarcelona.com\/","name":"CDINC","description":"Centre de diagn\u00f2stic i intervenci\u00f3 neurocognitiva Barcelona","publisher":{"@id":"https:\/\/cdincbarcelona.com\/#organization"},"potentialAction":[{"@type":"SearchAction","target":{"@type":"EntryPoint","urlTemplate":"https:\/\/cdincbarcelona.com\/?s={search_term_string}"},"query-input":{"@type":"PropertyValueSpecification","valueRequired":true,"valueName":"search_term_string"}}],"inLanguage":"es"},{"@type":"Organization","@id":"https:\/\/cdincbarcelona.com\/#organization","name":"CDINC Centre de Diagn\u00f2stic i Intervenci\u00f3 Neurocognitiva","url":"https:\/\/cdincbarcelona.com\/","logo":{"@type":"ImageObject","inLanguage":"es","@id":"https:\/\/cdincbarcelona.com\/#\/schema\/logo\/image\/","url":"https:\/\/cdincbarcelona.com\/wp-content\/uploads\/2017\/10\/cdinc-logo@2x.png","contentUrl":"https:\/\/cdincbarcelona.com\/wp-content\/uploads\/2017\/10\/cdinc-logo@2x.png","width":825,"height":200,"caption":"CDINC Centre de Diagn\u00f2stic i Intervenci\u00f3 Neurocognitiva"},"image":{"@id":"https:\/\/cdincbarcelona.com\/#\/schema\/logo\/image\/"}},{"@type":"Person","@id":"https:\/\/cdincbarcelona.com\/#\/schema\/person\/dbd69a685a95b76830d2efbda33ba4c4","name":"CDINC"}]}},"_links":{"self":[{"href":"https:\/\/cdincbarcelona.com\/es\/wp-json\/wp\/v2\/posts\/8636","targetHints":{"allow":["GET"]}}],"collection":[{"href":"https:\/\/cdincbarcelona.com\/es\/wp-json\/wp\/v2\/posts"}],"about":[{"href":"https:\/\/cdincbarcelona.com\/es\/wp-json\/wp\/v2\/types\/post"}],"author":[{"embeddable":true,"href":"https:\/\/cdincbarcelona.com\/es\/wp-json\/wp\/v2\/users\/4"}],"replies":[{"embeddable":true,"href":"https:\/\/cdincbarcelona.com\/es\/wp-json\/wp\/v2\/comments?post=8636"}],"version-history":[{"count":1,"href":"https:\/\/cdincbarcelona.com\/es\/wp-json\/wp\/v2\/posts\/8636\/revisions"}],"predecessor-version":[{"id":8639,"href":"https:\/\/cdincbarcelona.com\/es\/wp-json\/wp\/v2\/posts\/8636\/revisions\/8639"}],"wp:featuredmedia":[{"embeddable":true,"href":"https:\/\/cdincbarcelona.com\/es\/wp-json\/wp\/v2\/media\/8637"}],"wp:attachment":[{"href":"https:\/\/cdincbarcelona.com\/es\/wp-json\/wp\/v2\/media?parent=8636"}],"wp:term":[{"taxonomy":"category","embeddable":true,"href":"https:\/\/cdincbarcelona.com\/es\/wp-json\/wp\/v2\/categories?post=8636"},{"taxonomy":"post_tag","embeddable":true,"href":"https:\/\/cdincbarcelona.com\/es\/wp-json\/wp\/v2\/tags?post=8636"}],"curies":[{"name":"wp","href":"https:\/\/api.w.org\/{rel}","templated":true}]}}